{"id":8324,"date":"2020-05-28T20:09:59","date_gmt":"2020-05-28T18:09:59","guid":{"rendered":"http:\/\/spartaqs.com\/?p=8324"},"modified":"2023-08-30T15:42:19","modified_gmt":"2023-08-30T13:42:19","slug":"dronoid-hermes-v8mt-na-portalu-czworka-polskie-radio","status":"publish","type":"post","link":"https:\/\/spartaqs.com\/uk\/aktualnosci\/dronoid-hermes-v8mt-na-portalu-czworka-polskie-radio\/","title":{"rendered":"Dronoid Hermes V8MT na portalu Czw\u00f3rka Polskie Radio"},"content":{"rendered":"<p>[et_pb_section fb_built=&#8221;1&#8243; admin_label=&#8221;section&#8221; _builder_version=&#8221;4.16&#8243; global_colors_info=&#8221;{}&#8221; theme_builder_area=&#8221;post_content&#8221; custom_padding=&#8221;0px|||||&#8221;][et_pb_row admin_label=&#8221;row&#8221; _builder_version=&#8221;4.16&#8243; global_colors_info=&#8221;{}&#8221; theme_builder_area=&#8221;post_content&#8221; width=&#8221;100%&#8221; custom_padding=&#8221;|||35px|false|false&#8221;][et_pb_column type=&#8221;4_4&#8243; _builder_version=&#8221;4.16&#8243; custom_padding=&#8221;|||&#8221; global_colors_info=&#8221;{}&#8221; custom_padding__hover=&#8221;|||&#8221; theme_builder_area=&#8221;post_content&#8221;][et_pb_text admin_label=&#8221;Text&#8221; _builder_version=&#8221;4.16&#8243; background_size=&#8221;initial&#8221; background_position=&#8221;top_left&#8221; background_repeat=&#8221;repeat&#8221; global_colors_info=&#8221;{}&#8221; theme_builder_area=&#8221;post_content&#8221;]Na portalu Czw\u00f3rka Polskie Radio dost\u0119pny jest artyku\u0142 <strong>\u201eHermes V8MT &#8211; dron, kt\u00f3ry polecia\u0142 walczy\u0107 z koronawirusem\u201d,&nbsp;<\/strong>opisuj\u0105cy historyczny przelot naszego dronoida nad Warszaw\u0105.<\/p>\n<p>Opr\u00f3cz gar\u015bci informacji dotycz\u0105cych samego przelotu, s\u0105 w artykule znajduj\u0105 si\u0119 dwa filmy przedstawiaj\u0105ce Hermesa w akcji.<\/p>\n<p>Warto doda\u0107, \u017ce nasz dronoid by\u0142 pierwszym w historii Bezza\u0142ogowym Statkiem Powietrznym, kt\u00f3ry dokona\u0142 udanego lotu z transportem medycznym pomi\u0119dzy szpitalami nie tylko w Polsce, ale te\u017c w Europie!<\/p>\n<p>Tre\u015b\u0107 artyku\u0142u dost\u0119pna jest na stronie <a href=\"https:\/\/www.polskieradio.pl\/10\/5368\/Artykul\/2502465,Hermes-V8M-dron-ktory-polecial-walczyc-z-koronawirusem?fbclid=IwAR3cBlfwW2r89vA11kbiZVx-l5NIr4TnR6aubYGr-IZVPOSu2IWFTyazDVQ\" target=\"_blank\" rel=\"noopener noreferrer\"><strong>Czw\u00f3rki Polskie Radio<\/strong><\/a>.<\/p>\n<p>Zapraszamy do czytania i ogl\u0105dania![\/et_pb_text][\/et_pb_column][\/et_pb_row][\/et_pb_section]<\/p>\n","protected":false},"excerpt":{"rendered":"<p>Na portalu Czw\u00f3rka Polskie Radio dost\u0119pny jest artyku\u0142 \u201eHermes V8MT &#8211; dron, kt\u00f3ry polecia\u0142 walczy\u0107 z koronawirusem\u201d,&nbsp;opisuj\u0105cy historyczny przelot naszego dronoida nad Warszaw\u0105. Opr\u00f3cz gar\u015bci informacji dotycz\u0105cych samego przelotu, s\u0105 w artykule znajduj\u0105 si\u0119 dwa filmy przedstawiaj\u0105ce Hermesa w akcji. Warto doda\u0107, \u017ce nasz dronoid by\u0142 pierwszym w historii Bezza\u0142ogowym Statkiem Powietrznym, kt\u00f3ry dokona\u0142 udanego [&hellip;]<\/p>\n","protected":false},"author":2,"featured_media":8956,"comment_status":"closed","ping_status":"closed","sticky":false,"template":"","format":"standard","meta":{"_et_pb_use_builder":"on","_et_pb_old_content":"Na portalu Czw\u00f3rka Polskie Radio dost\u0119pny jest artyku\u0142 <strong>\u201eHermes V8MT - dron, kt\u00f3ry polecia\u0142 walczy\u0107 z koronawirusem\u201d,&nbsp;<\/strong>opisuj\u0105cy historyczny przelot naszego dronoida nad Warszaw\u0105.\n\nOpr\u00f3cz gar\u015bci informacji dotycz\u0105cych samego przelotu, s\u0105 w artykule znajduj\u0105 si\u0119 dwa filmy przedstawiaj\u0105ce Hermesa w akcji.\n\nWarto doda\u0107, \u017ce nasz dronoid by\u0142 pierwszym w historii Bezza\u0142ogowym Statkiem Powietrznym, kt\u00f3ry dokona\u0142 udanego lotu z transportem medycznym pomi\u0119dzy szpitalami nie tylko w Polsce, ale te\u017c w Europie!\n\nTre\u015b\u0107 artyku\u0142u dost\u0119pna jest na stronie <a href=\"https:\/\/www.polskieradio.pl\/10\/5368\/Artykul\/2502465,Hermes-V8M-dron-ktory-polecial-walczyc-z-koronawirusem?fbclid=IwAR3cBlfwW2r89vA11kbiZVx-l5NIr4TnR6aubYGr-IZVPOSu2IWFTyazDVQ\" target=\"_blank\" rel=\"noopener noreferrer\"><strong>Czw\u00f3rki Polskie Radio<\/strong><\/a>.\n\nZapraszamy do czytania i ogl\u0105dania!","_et_gb_content_width":"","om_disable_all_campaigns":false,"_monsterinsights_skip_tracking":false,"_monsterinsights_sitenote_active":false,"_monsterinsights_sitenote_note":"","_monsterinsights_sitenote_category":0,"_uf_show_specific_survey":0,"_uf_disable_surveys":false,"footnotes":""},"categories":[226],"tags":[],"class_list":["post-8324","post","type-post","status-publish","format-standard","has-post-thumbnail","hentry","category-226"],"aioseo_notices":[],"_links":{"self":[{"href":"https:\/\/spartaqs.com\/uk\/wp-json\/wp\/v2\/posts\/8324","targetHints":{"allow":["GET"]}}],"collection":[{"href":"https:\/\/spartaqs.com\/uk\/wp-json\/wp\/v2\/posts"}],"about":[{"href":"https:\/\/spartaqs.com\/uk\/wp-json\/wp\/v2\/types\/post"}],"author":[{"embeddable":true,"href":"https:\/\/spartaqs.com\/uk\/wp-json\/wp\/v2\/users\/2"}],"replies":[{"embeddable":true,"href":"https:\/\/spartaqs.com\/uk\/wp-json\/wp\/v2\/comments?post=8324"}],"version-history":[{"count":3,"href":"https:\/\/spartaqs.com\/uk\/wp-json\/wp\/v2\/posts\/8324\/revisions"}],"predecessor-version":[{"id":25960,"href":"https:\/\/spartaqs.com\/uk\/wp-json\/wp\/v2\/posts\/8324\/revisions\/25960"}],"wp:featuredmedia":[{"embeddable":true,"href":"https:\/\/spartaqs.com\/uk\/wp-json\/wp\/v2\/media\/8956"}],"wp:attachment":[{"href":"https:\/\/spartaqs.com\/uk\/wp-json\/wp\/v2\/media?parent=8324"}],"wp:term":[{"taxonomy":"category","embeddable":true,"href":"https:\/\/spartaqs.com\/uk\/wp-json\/wp\/v2\/categories?post=8324"},{"taxonomy":"post_tag","embeddable":true,"href":"https:\/\/spartaqs.com\/uk\/wp-json\/wp\/v2\/tags?post=8324"}],"curies":[{"name":"wp","href":"https:\/\/api.w.org\/{rel}","templated":true}]}}