{"id":7168,"date":"2019-10-05T13:06:41","date_gmt":"2019-10-05T11:06:41","guid":{"rendered":"http:\/\/spartaqs.com\/?p=7168"},"modified":"2023-08-30T12:19:10","modified_gmt":"2023-08-30T10:19:10","slug":"poznan-4-0","status":"publish","type":"post","link":"https:\/\/spartaqs.com\/uk\/aktualnosci\/poznan-4-0\/","title":{"rendered":"Nagroda &#8220;To Dzia\u0142a&#8221; dla Spartaqs na Pozna\u0144 4.0"},"content":{"rendered":"<p>[et_pb_section fb_built=&#8221;1&#8243; admin_label=&#8221;section&#8221; _builder_version=&#8221;4.16&#8243; global_colors_info=&#8221;{}&#8221; theme_builder_area=&#8221;post_content&#8221; custom_padding=&#8221;0px|||||&#8221;][et_pb_row admin_label=&#8221;row&#8221; _builder_version=&#8221;4.21.0&#8243; background_size=&#8221;initial&#8221; background_position=&#8221;top_left&#8221; background_repeat=&#8221;repeat&#8221; hover_enabled=&#8221;0&#8243; global_colors_info=&#8221;{}&#8221; theme_builder_area=&#8221;post_content&#8221; width=&#8221;100%&#8221; custom_padding=&#8221;|||35px|false|false&#8221; sticky_enabled=&#8221;0&#8243;][et_pb_column type=&#8221;4_4&#8243; _builder_version=&#8221;4.16&#8243; custom_padding=&#8221;|||&#8221; global_colors_info=&#8221;{}&#8221; custom_padding__hover=&#8221;|||&#8221; theme_builder_area=&#8221;post_content&#8221;][et_pb_text admin_label=&#8221;Text&#8221; _builder_version=&#8221;4.16&#8243; background_size=&#8221;initial&#8221; background_position=&#8221;top_left&#8221; background_repeat=&#8221;repeat&#8221; global_colors_info=&#8221;{}&#8221; theme_builder_area=&#8221;post_content&#8221;]W dniach 4-5 pa\u017adziernika 2019 r. firma Spartaqs go\u015bci\u0142a na konferencji i wystawie \u201ePozna\u0144 4.0. Przemys\u0142 przysz\u0142o\u015bci: to dzia\u0142a, to si\u0119 op\u0142aca\u201dna terenie Mi\u0119dzynarodowych Targ\u00f3w Pozna\u0144skich.<\/p>\n<p><!--more--><\/p>\n<p>W trakcie wydarzenia by\u0142a obecna Jadwiga Emilewicz, Minister Przedsi\u0119biorczo\u015bci i Technologii, kt\u00f3ra swoim wyst\u0105pieniem oficjalnie rozpocz\u0119\u0142a event.<\/p>\n<p>W trakcie wydarzenia S\u0142awomir Hucza\u0142a, wsp\u00f3\u0142w\u0142a\u015bciciel i g\u0142\u00f3wny konstruktor firmy Spartaqs odebra\u0142 Nagrod\u0119 Honorow\u0105 \u201eTo dzia\u0142a!\u201d za stworzenie urz\u0105dze\u0144 technologicznych, kt\u00f3re zosta\u0142y wdro\u017cone i wspieraj\u0105 transformacj\u0119 cyfrow\u0105 polskiej gospodarki.<br \/>\nDzi\u0119kujemy za uznanie Fundacji Platforma Przemys\u0142u Przysz\u0142o\u015bci i i Fundacji Instytut Mikromakro.<br \/>\nRelacja z wr\u0119czenia nagr\u00f3d na profilu <strong><a href=\"https:\/\/www.facebook.com\/SpartaqsGroup\/videos\/1081991898673987\/\">Spartaqs Group<\/a>.<\/strong><\/p>\n<p><iframe loading=\"lazy\" src=\"https:\/\/www.facebook.com\/plugins\/video.php?href=https%3A%2F%2Fwww.facebook.com%2FSpartaqsGroup%2Fvideos%2F1081991898673987%2F&amp;show_text=0&amp;width=560\" width=\"825\" height=\"464\" style=\"border:none;overflow:hidden\" scrolling=\"no\" frameborder=\"0\" allowtransparency=\"true\" allowfullscreen=\"true\"><\/iframe><\/p>\n<p>S\u0142awomir Hucza\u0142a wzi\u0105\u0142 udzia\u0142 w wywiadzie na \u017cywo prowadzonym przez S\u0142awomira Kosieli\u0144skiego, Prezesa Fundacji Instytut Mikromakro, a tak\u017ce organizatora wydarzenia, na temat \u201eDrony w transporcie powietrznym. Kiedy zrobotyzowany transport zacznie rzeczywi\u015bcie dzia\u0142a\u0107.\u201d<br \/>\nObrazowy spos\u00f3b w jaki przybli\u017cy\u0142 zgromadzonym tematyk\u0119 bezza\u0142ogowych statk\u00f3w powietrznych, mo\u017cliwo\u015bci i obszary ich u\u017cycia, a tak\u017ce stopie\u0144 rozwoju tej ga\u0142\u0119zi gospodarki w Polsce i na \u015bwiecie, spotka\u0142y si\u0119 z uznaniem publiczno\u015bci i jako jedne z niewielu wyst\u0105pie\u0144 zosta\u0142o nagrodzone brawami.<\/p>\n<p>Zapraszamy do wys\u0142uchania rozmowy.<\/p>\n<p><iframe loading=\"lazy\" width=\"825\" height=\"464\" src=\"https:\/\/www.youtube.com\/embed\/RYT-rupaNIc\" frameborder=\"0\" allow=\"accelerometer; autoplay; clipboard-write; encrypted-media; gyroscope; picture-in-picture\" allowfullscreen=\"\"><\/iframe><\/p>\n<p>&nbsp;<\/p>\n<p>Odwiedzaj\u0105cy wystaw\u0119 mieli okazj\u0119 zobaczy\u0107 konstrukcj\u0119 firmy Spartaqs:<\/p>\n<p>\u2022 wielozadaniowy dronoid transportowy Hermes V8M, wyposa\u017cony w specjalny pojemnik do transportu medycznego,<br \/>\n\u2022 dronoid zwiadowczo-obserwacyjny Ares V4 II w nowej ods\u0142onie,<br \/>\n\u2022 specjalistyczny dronoid podwodny Deep Guard.<\/p>\n<p>Nasze stoisko odwiedzi\u0142a Pani Minister Emilewicz, kt\u00f3rej zaprezentowali\u015bmy nasze technologie.<\/p>\n<p>Poni\u017cej relacja wideo z wydarzenia.<\/p>\n<p><iframe loading=\"lazy\" width=\"825\" height=\"464\" src=\"https:\/\/www.youtube.com\/embed\/0ZCM2T-yoaI\" frameborder=\"0\" allow=\"accelerometer; autoplay; clipboard-write; encrypted-media; gyroscope; picture-in-picture\" allowfullscreen=\"\"><\/iframe><\/p>\n<p>Zach\u0119camy do obserwowania <a href=\"https:\/\/www.facebook.com\/SpartaqsGroup\/\"><strong>profilu Spartaqs Group<\/strong><\/a> na Facebook\u2019u, gdzie na bie\u017c\u0105co relacjonujemy post\u0119py prac oraz wydarzenia z udzia\u0142em sp\u00f3\u0142ki Spartaqs.[\/et_pb_text][\/et_pb_column][\/et_pb_row][\/et_pb_section]<\/p>\n","protected":false},"excerpt":{"rendered":"<p>W dniach 4-5 pa\u017adziernika 2019 r. firma Spartaqs go\u015bci\u0142a na konferencji i wystawie \u201ePozna\u0144 4.0. Przemys\u0142 przysz\u0142o\u015bci: to dzia\u0142a, to si\u0119 op\u0142aca\u201dna terenie Mi\u0119dzynarodowych Targ\u00f3w Pozna\u0144skich. W trakcie wydarzenia by\u0142a obecna Jadwiga Emilewicz, Minister Przedsi\u0119biorczo\u015bci i Technologii, kt\u00f3ra swoim wyst\u0105pieniem oficjalnie rozpocz\u0119\u0142a event. W trakcie wydarzenia S\u0142awomir Hucza\u0142a, wsp\u00f3\u0142w\u0142a\u015bciciel i g\u0142\u00f3wny konstruktor firmy Spartaqs odebra\u0142 [&hellip;]<\/p>\n","protected":false},"author":2,"featured_media":7190,"comment_status":"closed","ping_status":"closed","sticky":false,"template":"","format":"standard","meta":{"_et_pb_use_builder":"on","_et_pb_old_content":"W dniach 4-5 pa\u017adziernika 2019 r. firma Spartaqs go\u015bci\u0142a na konferencji i wystawie \u201ePozna\u0144 4.0. Przemys\u0142 przysz\u0142o\u015bci: to dzia\u0142a, to si\u0119 op\u0142aca\u201dna terenie Mi\u0119dzynarodowych Targ\u00f3w Pozna\u0144skich.\n\n<!--more-->\n\nW trakcie wydarzenia by\u0142a obecna Jadwiga Emilewicz, Minister Przedsi\u0119biorczo\u015bci i Technologii, kt\u00f3ra swoim wyst\u0105pieniem oficjalnie rozpocz\u0119\u0142a event.\n\nW trakcie wydarzenia S\u0142awomir Hucza\u0142a, wsp\u00f3\u0142w\u0142a\u015bciciel i g\u0142\u00f3wny konstruktor firmy Spartaqs odebra\u0142 Nagrod\u0119 Honorow\u0105 \u201eTo dzia\u0142a!\u201d za stworzenie urz\u0105dze\u0144 technologicznych, kt\u00f3re zosta\u0142y wdro\u017cone i wspieraj\u0105 transformacj\u0119 cyfrow\u0105 polskiej gospodarki.\nDzi\u0119kujemy za uznanie Fundacji Platforma Przemys\u0142u Przysz\u0142o\u015bci i i Fundacji Instytut Mikromakro.\nRelacja z wr\u0119czenia nagr\u00f3d na profilu <strong><a href=\"https:\/\/www.facebook.com\/SpartaqsGroup\/videos\/1081991898673987\/\">Spartaqs Group<\/a>.<\/strong>\n\n<iframe src=\"https:\/\/www.facebook.com\/plugins\/video.php?href=https%3A%2F%2Fwww.facebook.com%2FSpartaqsGroup%2Fvideos%2F1081991898673987%2F&amp;show_text=0&amp;width=560\" width=\"825\" height=\"464\" style=\"border:none;overflow:hidden\" scrolling=\"no\" frameborder=\"0\" allowtransparency=\"true\" allowfullscreen=\"true\"><\/iframe>\n\nS\u0142awomir Hucza\u0142a wzi\u0105\u0142 udzia\u0142 w wywiadzie na \u017cywo prowadzonym przez S\u0142awomira Kosieli\u0144skiego, Prezesa Fundacji Instytut Mikromakro, a tak\u017ce organizatora wydarzenia, na temat \u201eDrony w transporcie powietrznym. Kiedy zrobotyzowany transport zacznie rzeczywi\u015bcie dzia\u0142a\u0107.\u201d\nObrazowy spos\u00f3b w jaki przybli\u017cy\u0142 zgromadzonym tematyk\u0119 bezza\u0142ogowych statk\u00f3w powietrznych, mo\u017cliwo\u015bci i obszary ich u\u017cycia, a tak\u017ce stopie\u0144 rozwoju tej ga\u0142\u0119zi gospodarki w Polsce i na \u015bwiecie, spotka\u0142y si\u0119 z uznaniem publiczno\u015bci i jako jedne z niewielu wyst\u0105pie\u0144 zosta\u0142o nagrodzone brawami.\n\nZapraszamy do wys\u0142uchania rozmowy.\n\n<iframe width=\"825\" height=\"464\" src=\"https:\/\/www.youtube.com\/embed\/RYT-rupaNIc\" frameborder=\"0\" allow=\"accelerometer; autoplay; clipboard-write; encrypted-media; gyroscope; picture-in-picture\" allowfullscreen=\"\"><\/iframe>\n\n&nbsp;\n\nOdwiedzaj\u0105cy wystaw\u0119 mieli okazj\u0119 zobaczy\u0107 konstrukcj\u0119 firmy Spartaqs:\n\n\u2022 wielozadaniowy dronoid transportowy Hermes V8M, wyposa\u017cony w specjalny pojemnik do transportu medycznego,\n\u2022 dronoid zwiadowczo-obserwacyjny Ares V4 II w nowej ods\u0142onie,\n\u2022 specjalistyczny dronoid podwodny Deep Guard.\n\nNasze stoisko odwiedzi\u0142a Pani Minister Emilewicz, kt\u00f3rej zaprezentowali\u015bmy nasze technologie.\n\nPoni\u017cej relacja wideo z wydarzenia.\n\n<iframe width=\"825\" height=\"464\" src=\"https:\/\/www.youtube.com\/embed\/0ZCM2T-yoaI\" frameborder=\"0\" allow=\"accelerometer; autoplay; clipboard-write; encrypted-media; gyroscope; picture-in-picture\" allowfullscreen=\"\"><\/iframe>\n\nZach\u0119camy do obserwowania <a href=\"https:\/\/www.facebook.com\/SpartaqsGroup\/\"><strong>profilu Spartaqs Group<\/strong><\/a> na Facebook\u2019u, gdzie na bie\u017c\u0105co relacjonujemy post\u0119py prac oraz wydarzenia z udzia\u0142em sp\u00f3\u0142ki Spartaqs.","_et_gb_content_width":"","om_disable_all_campaigns":false,"_monsterinsights_skip_tracking":false,"_monsterinsights_sitenote_active":false,"_monsterinsights_sitenote_note":"","_monsterinsights_sitenote_category":0,"_uf_show_specific_survey":0,"_uf_disable_surveys":false,"footnotes":""},"categories":[54],"tags":[],"class_list":["post-7168","post","type-post","status-publish","format-standard","has-post-thumbnail","hentry","category-54"],"aioseo_notices":[],"_links":{"self":[{"href":"https:\/\/spartaqs.com\/uk\/wp-json\/wp\/v2\/posts\/7168","targetHints":{"allow":["GET"]}}],"collection":[{"href":"https:\/\/spartaqs.com\/uk\/wp-json\/wp\/v2\/posts"}],"about":[{"href":"https:\/\/spartaqs.com\/uk\/wp-json\/wp\/v2\/types\/post"}],"author":[{"embeddable":true,"href":"https:\/\/spartaqs.com\/uk\/wp-json\/wp\/v2\/users\/2"}],"replies":[{"embeddable":true,"href":"https:\/\/spartaqs.com\/uk\/wp-json\/wp\/v2\/comments?post=7168"}],"version-history":[{"count":3,"href":"https:\/\/spartaqs.com\/uk\/wp-json\/wp\/v2\/posts\/7168\/revisions"}],"predecessor-version":[{"id":25844,"href":"https:\/\/spartaqs.com\/uk\/wp-json\/wp\/v2\/posts\/7168\/revisions\/25844"}],"wp:featuredmedia":[{"embeddable":true,"href":"https:\/\/spartaqs.com\/uk\/wp-json\/wp\/v2\/media\/7190"}],"wp:attachment":[{"href":"https:\/\/spartaqs.com\/uk\/wp-json\/wp\/v2\/media?parent=7168"}],"wp:term":[{"taxonomy":"category","embeddable":true,"href":"https:\/\/spartaqs.com\/uk\/wp-json\/wp\/v2\/categories?post=7168"},{"taxonomy":"post_tag","embeddable":true,"href":"https:\/\/spartaqs.com\/uk\/wp-json\/wp\/v2\/tags?post=7168"}],"curies":[{"name":"wp","href":"https:\/\/api.w.org\/{rel}","templated":true}]}}