{"id":15732,"date":"2018-09-11T09:39:38","date_gmt":"2018-09-11T07:39:38","guid":{"rendered":"http:\/\/nowa.spartaqs.com\/aktualnosci\/spartaqs-na-mspo-2018-na-100-lecie-niepodleglej-polski\/"},"modified":"2023-09-01T11:24:42","modified_gmt":"2023-09-01T09:24:42","slug":"spartaqs-na-mspo-2018-na-100-lecie-niepodleglej-polski","status":"publish","type":"post","link":"https:\/\/spartaqs.com\/cs\/aktualnosci\/spartaqs-na-mspo-2018-na-100-lecie-niepodleglej-polski\/","title":{"rendered":"Cena prezidenta Targi Kielce na MSPO 2018 pro Spartaqs KE 100. V\u00ddRO\u010c\u00cd NEZ\u00c1VISL\u00c9HO POLSKA"},"content":{"rendered":"<p>[et_pb_section fb_built=&#8221;1&#8243; admin_label=&#8221;section&#8221; _builder_version=&#8221;4.16&#8243; global_colors_info=&#8221;{}&#8221; theme_builder_area=&#8221;post_content&#8221; custom_padding=&#8221;0px|||||&#8221;][et_pb_row admin_label=&#8221;row&#8221; _builder_version=&#8221;4.16&#8243; global_colors_info=&#8221;{}&#8221; theme_builder_area=&#8221;post_content&#8221; background_size=&#8221;initial&#8221; background_position=&#8221;top_left&#8221; background_repeat=&#8221;repeat&#8221; width=&#8221;100%&#8221; custom_padding=&#8221;|||35px|false|false&#8221;][et_pb_column type=&#8221;4_4&#8243; _builder_version=&#8221;4.16&#8243; custom_padding=&#8221;|||&#8221; global_colors_info=&#8221;{}&#8221; custom_padding__hover=&#8221;|||&#8221; theme_builder_area=&#8221;post_content&#8221;][et_pb_text admin_label=&#8221;Text&#8221; _builder_version=&#8221;4.21.0&#8243; background_size=&#8221;initial&#8221; background_position=&#8221;top_left&#8221; background_repeat=&#8221;repeat&#8221; hover_enabled=&#8221;0&#8243; global_colors_info=&#8221;{}&#8221; theme_builder_area=&#8221;post_content&#8221; sticky_enabled=&#8221;0&#8243;]<\/p>\n<p>Ve dnech 4.-7. z\u00e1\u0159\u00ed 2018 se Spartaqs poprv\u00e9 z\u00fa\u010dastnil Mezin\u00e1rodn\u00edho v\u00fdstavy obrann\u00e9ho pr\u016fmyslu v Kielc\u00edch 2018 a p\u0159edstavili sv\u00e9 technologie mezin\u00e1rodn\u00edmu publiku. <!--more-->S produkty spole\u010dnosti se bylo mo\u017en\u00e9 sezn\u00e1mit na dvou st\u00e1nc\u00edch \u2013 uvnit\u0159 i vn\u011b veletr\u017en\u00ed haly. Na extern\u00edm st\u00e1nku byly prezentov\u00e1ny \u010dty\u0159i v\u00fdrobky:<\/p>\n<ul>\n<li><strong>Mobiln\u00ed \u0159\u00edd\u00edc\u00ed stanice<\/strong>postaven\u00e1 na z\u00e1klad\u011b polaris general 1000,<\/li>\n<li><strong>LDR-Z<\/strong>\u2013 Pozemn\u00ed dronoidn\u00ed diagnostika hrozeb<\/li>\n<li><strong>LDR<\/strong>\u2013 pozemn\u00ed pr\u016fzkumn\u00fd dronoid s mikrodronoidem na palub\u011b,<\/li>\n<li><strong>Helidrone II<\/strong> \u2013 Dronoid vodn\u00ed z\u00e1chrann\u00e9 slu\u017eby.<\/li>\n<\/ul>\n<p>Na vnit\u0159n\u00edm st\u00e1nku se deleg\u00e1ti z cel\u00e9ho sv\u011bta mohli sezn\u00e1mit s dal\u0161\u00edmi \u010dty\u0159mi inovativn\u00edmi produkty spole\u010dnosti:<\/p>\n<ul>\n<li><strong>Pr\u016fzkumn\u011b<\/strong>-Pozorovac\u00ed, Ares V4 &#8211; Dronoid<\/li>\n<li><strong>Hermes V8 Cargo<\/strong>\u2013 V\u00edce\u00fa\u010delov\u00fd transportn\u00ed Dronoid,<\/li>\n<li><strong>Deep Guard<\/strong> \u2013 Speci\u00e1ln\u00ed podvodn\u00ed Dronoid,<\/li>\n<li><strong>Prometheus<\/strong> \u2013 Pr\u016fzkumn\u00fd neviditeln\u00fd dronoid s disperzn\u00edmi \u0161t\u00edty.<\/li>\n<\/ul>\n<p>V\u011bt\u0161ina z v\u00fd\u0161e uveden\u00fdch bezpilotn\u00edch dronoid\u016f Spartaqs maj\u00ed premi\u00e9ru na leto\u0161n\u00edm MSPO.<\/p>\n<p>Oba st\u00e1nky byly velmi popul\u00e1rn\u00ed mezi z\u00e1stupci obrann\u00fdch slu\u017eeb zem\u011b &#8211; arm\u00e1dy, pohrani\u010dn\u00ed str\u00e1\u017ee, v\u011bze\u0148sk\u00e9 str\u00e1\u017ee, n\u00e1mo\u0159nictva, speci\u00e1ln\u00edch jednotek, letectv\u00ed a dal\u0161\u00edch. St\u00e1nky Spartaqs nav\u0161t\u00edvili tak\u00e9 deleg\u00e1ti st\u00e1tn\u00edch instituc\u00ed, zahrani\u010dn\u00ed host\u00e9 a z\u00e1stupci podnikatelsk\u00e9ho sv\u011bta<\/p>\n<p>Velkou ct\u00ed pro Spartaqs byla n\u00e1v\u0161t\u011bva vedouc\u00edho \u00da\u0159adu pro n\u00e1rodn\u00ed bezpe\u010dnost &#8211; Paw\u0142a Solocha, kter\u00fd v\u011bnoval mimo\u0159\u00e1dnou pozornost v\u00fdrobk\u016fm spole\u010dnosti, co\u017e ukazuje zvl\u00e1\u0161tn\u00ed z\u00e1jem o inovativn\u00ed technologii neviditeln\u00e9ho dronoidu s disperzn\u00ed n\u00e1t\u011bryPrometheus.<\/p>\n<p>St\u00e1nek Spartaqs nav\u0161t\u00edvila tak\u00e9 prvn\u00ed tajemnice hospod\u00e1\u0159sk\u00e9 sekce ir\u00e1ck\u00e9ho velvyslanectv\u00ed Majda Jabbar Nasir s doprovodn\u00fdmi osobami.<\/p>\n<p>Vedouc\u00ed ukrajinsk\u00e9 delegace, pan Dymytro Sagajdak, n\u00e1s poctil svou p\u0159\u00edtomnost\u00ed.<\/p>\n<p>Vyvrcholen\u00edm n\u00e1v\u0161t\u011bvy ukrajinsk\u00e9 delegace bylo ud\u011blen\u00ed \u010destn\u00e9 medaile panu Slawom\u00edrovi Hucza\u0142owi, hlavn\u00edmu konstrukt\u00e9rovi a spolumajiteli spole\u010dnosti Spartaqs, za jeho p\u0159\u00ednos k rozvoji polsko-ukrajinsk\u00e9ho p\u0159\u00e1telstv\u00ed. P\u0159\u00edjemn\u00fdm p\u0159ekvapen\u00edm byla i n\u00e1v\u0161t\u011bva gener\u00e1la, pilota Miros\u0142awa Hermaszewsk\u00e9ho, kter\u00fd v\u011bnoval sv\u016fj drahocenn\u00fd \u010das sezn\u00e1men\u00ed se s inovacemi Spartaqs.<\/p>\n<p>V\u0161echny platformy Spartaqs, prezentovan\u00e9 na MSPO 2018, vzbudily velk\u00fd z\u00e1jem n\u00e1v\u0161t\u011bvn\u00edk\u016f veletrhu, ale nejv\u011bt\u0161\u00ed m\u011bly dva modely &#8211; <strong>Deep Guard<\/strong> speci\u00e1ln\u00ed podvodn\u00ed dronoid a <strong>Prometheus<\/strong> neviditeln\u00fd dronoid s disperzn\u00edmi povlaky. Velk\u00fdm p\u0159ekvapen\u00edm pro spole\u010dnost a velk\u00fdm vyznamen\u00e1n\u00edm bylo ud\u011blen\u00ed zvl\u00e1\u0161tn\u00edho ocen\u011bn\u00ed za inovativn\u00ed, neviditeln\u00fd dronoid Prometheus s disperzn\u00edmi povlaky. Toto vyznamen\u00e1n\u00ed je o to v\u011bt\u0161\u00ed, \u017ee bylo spole\u010dnosti ud\u011bleno osobn\u011b p\u0159edsedou p\u0159edstavenstva<\/p>\n<p>Kielce Fair, Dr. Andrzejem Mochoniou, jako zvl\u00e1\u0161tn\u00ed ocen\u011bn\u00ed. V od\u016fvodn\u011bn\u00ed ud\u011blen\u00ed spole\u010dnosti p\u0159edseda p\u0159edstavenstva Kielce Fair Management Board vysv\u011btlil, \u017ee a\u010dkoli v\u00fdrobek dosud nez\u00edskal v\u0161echna osv\u011bd\u010den\u00ed a schv\u00e1len\u00ed po\u017eadovan\u00e1 pravidly hospod\u00e1\u0159sk\u00e9 sout\u011b\u017ee, je tak inovativn\u00ed, \u017ee t\u00fdm odborn\u00edk\u016f pova\u017eoval za hodn\u00fd zvl\u00e1\u0161tn\u00ed zm\u00ednky.<\/p>\n<p>\u00dasp\u011bch spole\u010dnosti Spartaqs b\u011bhem veletrhu Kielce MSPO 2018, kter\u00fd je ji\u017e v\u00edce ne\u017e \u010dtvrt stolet\u00ed p\u0159ehl\u00eddkou polsk\u00e9ho pr\u016fmyslu, je jist\u011b d\u016fvodem k hrdosti a hnac\u00ed silou pro dal\u0161\u00ed pr\u00e1ci.<\/p>\n<p>Video z p\u0159ed\u00e1v\u00e1n\u00ed cen Defender \u2013 XXVI Mezin\u00e1rodn\u00ed sal\u00f3n obrann\u00e9ho pr\u016fmyslu MSPO si m\u016f\u017eete prohl\u00e9dnout na n\u00e1sleduj\u00edc\u00edm odkazu: https:\/\/www.youtube.com\/watch?v=AxFPMpKmQ_Y<\/p>\n<\/p>\n<p>&nbsp;<\/p>\n<p>V\u00edce informac\u00ed o XXVI Mezin\u00e1rodn\u00ed sal\u00f3n obrann\u00e9ho pr\u016fmyslu MSPO v Kielce Veletrhu lze nal\u00e9zt na adrese: <a href=\"http:\/\/www.targikielce.pl\/pl\/mspo.htm\">http:\/\/www.targikielce.pl\/pl\/mspo.htm<\/a><\/p>\n<p>[\/et_pb_text][\/et_pb_column][\/et_pb_row][\/et_pb_section][et_pb_section fb_built=&#8221;1&#8243; _builder_version=&#8221;4.16&#8243; _module_preset=&#8221;default&#8221; global_colors_info=&#8221;{}&#8221; theme_builder_area=&#8221;post_content&#8221;][et_pb_row _builder_version=&#8221;4.16&#8243; _module_preset=&#8221;default&#8221; global_colors_info=&#8221;{}&#8221; theme_builder_area=&#8221;post_content&#8221;][et_pb_column type=&#8221;4_4&#8243; _builder_version=&#8221;4.16&#8243; _module_preset=&#8221;default&#8221; global_colors_info=&#8221;{}&#8221; theme_builder_area=&#8221;post_content&#8221;][et_pb_gallery gallery_ids=&#8221;5127,5124,5121,5118,5067,5064,5061,5058,5055,5052,5049,5046,5043,5040,5037,5034,5028,5025,5022,5019,5016,5012,5006,5003,5000,4997,4994,4991,4988,4985,4979,4973&#8243; posts_number=&#8221;8&#8243; show_title_and_caption=&#8221;off&#8221; _builder_version=&#8221;4.16&#8243; _module_preset=&#8221;default&#8221; global_colors_info=&#8221;{}&#8221; theme_builder_area=&#8221;post_content&#8221;][\/et_pb_gallery][\/et_pb_column][\/et_pb_row][\/et_pb_section]<\/p>\n","protected":false},"excerpt":{"rendered":"<p>Ve dnech 4.-7. z\u00e1\u0159\u00ed 2018 se Spartaqs poprv\u00e9 z\u00fa\u010dastnil Mezin\u00e1rodn\u00edho v\u00fdstavy obrann\u00e9ho pr\u016fmyslu v Kielc\u00edch 2018 a p\u0159edstavili sv\u00e9 technologie mezin\u00e1rodn\u00edmu publiku. S produkty spole\u010dnosti se bylo mo\u017en\u00e9 sezn\u00e1mit na dvou st\u00e1nc\u00edch \u2013 uvnit\u0159 i vn\u011b veletr\u017en\u00ed haly. Na extern\u00edm st\u00e1nku byly prezentov\u00e1ny \u010dty\u0159i v\u00fdrobky: Mobiln\u00ed \u0159\u00edd\u00edc\u00ed stanicepostaven\u00e1 na z\u00e1klad\u011b polaris general 1000, LDR-Z\u2013 Pozemn\u00ed [&hellip;]<\/p>\n","protected":false},"author":2,"featured_media":15733,"comment_status":"closed","ping_status":"closed","sticky":false,"template":"","format":"standard","meta":{"_et_pb_use_builder":"on","_et_pb_old_content":"","_et_gb_content_width":"","om_disable_all_campaigns":false,"_monsterinsights_skip_tracking":false,"_monsterinsights_sitenote_active":false,"_monsterinsights_sitenote_note":"","_monsterinsights_sitenote_category":0,"_uf_show_specific_survey":0,"_uf_disable_surveys":false,"footnotes":""},"categories":[48],"tags":[],"class_list":["post-15732","post","type-post","status-publish","format-standard","has-post-thumbnail","hentry","category-aktuality"],"aioseo_notices":[],"_links":{"self":[{"href":"https:\/\/spartaqs.com\/cs\/wp-json\/wp\/v2\/posts\/15732","targetHints":{"allow":["GET"]}}],"collection":[{"href":"https:\/\/spartaqs.com\/cs\/wp-json\/wp\/v2\/posts"}],"about":[{"href":"https:\/\/spartaqs.com\/cs\/wp-json\/wp\/v2\/types\/post"}],"author":[{"embeddable":true,"href":"https:\/\/spartaqs.com\/cs\/wp-json\/wp\/v2\/users\/2"}],"replies":[{"embeddable":true,"href":"https:\/\/spartaqs.com\/cs\/wp-json\/wp\/v2\/comments?post=15732"}],"version-history":[{"count":8,"href":"https:\/\/spartaqs.com\/cs\/wp-json\/wp\/v2\/posts\/15732\/revisions"}],"predecessor-version":[{"id":26522,"href":"https:\/\/spartaqs.com\/cs\/wp-json\/wp\/v2\/posts\/15732\/revisions\/26522"}],"wp:featuredmedia":[{"embeddable":true,"href":"https:\/\/spartaqs.com\/cs\/wp-json\/wp\/v2\/media\/15733"}],"wp:attachment":[{"href":"https:\/\/spartaqs.com\/cs\/wp-json\/wp\/v2\/media?parent=15732"}],"wp:term":[{"taxonomy":"category","embeddable":true,"href":"https:\/\/spartaqs.com\/cs\/wp-json\/wp\/v2\/categories?post=15732"},{"taxonomy":"post_tag","embeddable":true,"href":"https:\/\/spartaqs.com\/cs\/wp-json\/wp\/v2\/tags?post=15732"}],"curies":[{"name":"wp","href":"https:\/\/api.w.org\/{rel}","templated":true}]}}